{"id":767,"date":"2023-03-03T10:56:34","date_gmt":"2023-03-03T10:56:34","guid":{"rendered":"https:\/\/omnimusica.org\/?p=767"},"modified":"2023-03-03T14:02:11","modified_gmt":"2023-03-03T14:02:11","slug":"767","status":"publish","type":"post","link":"https:\/\/omnimusica.org\/?p=767","title":{"rendered":"OMNIMUSICA 2023"},"content":{"rendered":"<div id=\"pl-767\"  class=\"panel-layout\" ><div id=\"pg-767-0\"  class=\"panel-grid panel-no-style\" ><div id=\"pgc-767-0-0\"  class=\"panel-grid-cell\" ><div id=\"panel-767-0-0-0\" class=\"so-panel widget widget_sow-editor panel-first-child panel-last-child\" data-index=\"0\" ><div\n\t\t\t\n\t\t\tclass=\"so-widget-sow-editor so-widget-sow-editor-base\"\n\t\t\t\n\t\t><h3 class=\"widget-title\">OMNIMUSICA 2023<\/h3>\n<div class=\"siteorigin-widget-tinymce textwidget\">\n\t<p style=\"text-align: justify;\">Sa zadovoljstvom Vas pozivamo na u\u010de\u0161\u0107e u manifestaciji Omnimusica 2023 koja \u0107e se odr\u017eati od 4. do 7. maja u Tuzli. Ovogodi\u0161nje izdanje donosi dosta kvalitetnih koncerata umjetni\u010dke muzike, predavanje za nastavnike muzike, radionice za mlade gitariste te revijalni koncert u\u010desnika manifestacije. Pripremili smo i jedan \u201cchallenge\u201d za gitariste odnosno poziv svim mladim gitaristima da u\u010destvuju u mini takmi\u010denju u interpretaciji jednog djela nekog doma\u0107eg autora za \u0161ta dajemo simboli\u010dnu nov\u010danu nagradu. Za vi\u0161e informacija istra\u017eite na\u0161u stranicu www.omnimusica.org<\/p>\n<p style=\"text-align: justify;\">U nadi i i\u0161\u010dekivanju da se ponovo svi vidimo u Tuzli \u0161aljemo srda\u010dan pozdrav!<\/p>\n<p style=\"text-align: justify;\">Odsjek gitarista Osnovne muzi\u010dke \u0161kole Tuzla<\/p>\n<p><a href=\"https:\/\/omnimusica.org\/?attachment_id=765\" rel=\"attachment wp-att-765\"><img loading=\"lazy\" decoding=\"async\" class=\"aligncenter size-full wp-image-765\" src=\"https:\/\/omnimusica.org\/wp-content\/uploads\/2023\/03\/logo1.jpg\" alt=\"\" width=\"1358\" height=\"1920\" srcset=\"https:\/\/omnimusica.org\/wp-content\/uploads\/2023\/03\/logo1.jpg 1358w, https:\/\/omnimusica.org\/wp-content\/uploads\/2023\/03\/logo1-212x300.jpg 212w, https:\/\/omnimusica.org\/wp-content\/uploads\/2023\/03\/logo1-724x1024.jpg 724w, https:\/\/omnimusica.org\/wp-content\/uploads\/2023\/03\/logo1-768x1086.jpg 768w, https:\/\/omnimusica.org\/wp-content\/uploads\/2023\/03\/logo1-1086x1536.jpg 1086w\" sizes=\"auto, (max-width: 1358px) 100vw, 1358px\" \/><\/a><\/p>\n<\/div>\n<\/div><\/div><\/div><\/div><\/div>","protected":false},"excerpt":{"rendered":"<p>Sa zadovoljstvom Vas pozivamo na u\u010de\u0161\u0107e u manifestaciji Omnimusica 2023 koja \u0107e se odr\u017eati od 4. do 7. maja u [&hellip;]<\/p>\n","protected":false},"author":1,"featured_media":766,"comment_status":"closed","ping_status":"closed","sticky":false,"template":"","format":"standard","meta":{"footnotes":""},"categories":[6],"tags":[],"class_list":["post-767","post","type-post","status-publish","format-standard","has-post-thumbnail","hentry","category-blog"],"_links":{"self":[{"href":"https:\/\/omnimusica.org\/index.php?rest_route=\/wp\/v2\/posts\/767","targetHints":{"allow":["GET"]}}],"collection":[{"href":"https:\/\/omnimusica.org\/index.php?rest_route=\/wp\/v2\/posts"}],"about":[{"href":"https:\/\/omnimusica.org\/index.php?rest_route=\/wp\/v2\/types\/post"}],"author":[{"embeddable":true,"href":"https:\/\/omnimusica.org\/index.php?rest_route=\/wp\/v2\/users\/1"}],"replies":[{"embeddable":true,"href":"https:\/\/omnimusica.org\/index.php?rest_route=%2Fwp%2Fv2%2Fcomments&post=767"}],"version-history":[{"count":4,"href":"https:\/\/omnimusica.org\/index.php?rest_route=\/wp\/v2\/posts\/767\/revisions"}],"predecessor-version":[{"id":792,"href":"https:\/\/omnimusica.org\/index.php?rest_route=\/wp\/v2\/posts\/767\/revisions\/792"}],"wp:featuredmedia":[{"embeddable":true,"href":"https:\/\/omnimusica.org\/index.php?rest_route=\/wp\/v2\/media\/766"}],"wp:attachment":[{"href":"https:\/\/omnimusica.org\/index.php?rest_route=%2Fwp%2Fv2%2Fmedia&parent=767"}],"wp:term":[{"taxonomy":"category","embeddable":true,"href":"https:\/\/omnimusica.org\/index.php?rest_route=%2Fwp%2Fv2%2Fcategories&post=767"},{"taxonomy":"post_tag","embeddable":true,"href":"https:\/\/omnimusica.org\/index.php?rest_route=%2Fwp%2Fv2%2Ftags&post=767"}],"curies":[{"name":"wp","href":"https:\/\/api.w.org\/{rel}","templated":true}]}}