{"id":806,"date":"2023-03-07T08:53:16","date_gmt":"2023-03-07T08:53:16","guid":{"rendered":"https:\/\/omnimusica.org\/?p=806"},"modified":"2023-03-22T14:25:02","modified_gmt":"2023-03-22T14:25:02","slug":"bardo-chill","status":"publish","type":"post","link":"https:\/\/omnimusica.org\/?p=806","title":{"rendered":"Bardo Chill"},"content":{"rendered":"<div id=\"pl-806\"  class=\"panel-layout\" ><div id=\"pg-806-0\"  class=\"panel-grid panel-no-style\" ><div id=\"pgc-806-0-0\"  class=\"panel-grid-cell\" ><div id=\"panel-806-0-0-0\" class=\"so-panel widget widget_sow-editor panel-first-child panel-last-child\" data-index=\"0\" ><div\n\t\t\t\n\t\t\tclass=\"so-widget-sow-editor so-widget-sow-editor-base\"\n\t\t\t\n\t\t>\n<div class=\"siteorigin-widget-tinymce textwidget\">\n\t<p style=\"text-align: justify;\">\"Bardo Chill\" je autorski sastav jazz\/funk\/hiphop zvuka oformljen 2022. godine u Beogradu, kao jedan od projekata\u00a0 \"Grey Eminence Music\" studija. Bend \u010dine Miljana Jevti\u0107 (vokal), Aleksandar Lazi\u0107 (gitara), Nikola Buljan\u010devi\u0107 (bas), Uro\u0161 Ki\u0161 (bubnjevi) i Danilo Bori\u010di\u0107 (klavijatura).\u00a0 Njihova muzika je duboko izvezena koncem urbane tematike, na neizbje\u017enoj granici izme\u0111u ljubavi, istinskih ideja i \u017eivotnih okolnosti. Njihov prvi susret sa Tuzlom je nastao u sklopu projekta \"No\u0107i poezije\" u Oktobru 22. godine i od tada gaje prijateljske i profesionalne odnose sa mladim muzi\u010darima iz Tuzle. Spremite se da no\u0107 provedete okupani jednim potpuno novim zvukom koji \u0107e vam oduzeti dah.<\/p>\n<p style=\"text-align: justify;\">Pridru\u017ei se!<\/p>\n<p style=\"text-align: justify;\">Omnimusica 2023<\/p>\n<\/div>\n<\/div><\/div><\/div><\/div><\/div>","protected":false},"excerpt":{"rendered":"<p>&#8220;Bardo Chill&#8221; je autorski sastav jazz\/funk\/hiphop zvuka oformljen 2022. godine u Beogradu, kao jedan od projekata\u00a0 &#8220;Grey Eminence Music&#8221; studija. [&hellip;]<\/p>\n","protected":false},"author":1,"featured_media":872,"comment_status":"closed","ping_status":"closed","sticky":false,"template":"","format":"standard","meta":{"footnotes":""},"categories":[6],"tags":[],"class_list":["post-806","post","type-post","status-publish","format-standard","has-post-thumbnail","hentry","category-blog"],"_links":{"self":[{"href":"https:\/\/omnimusica.org\/index.php?rest_route=\/wp\/v2\/posts\/806","targetHints":{"allow":["GET"]}}],"collection":[{"href":"https:\/\/omnimusica.org\/index.php?rest_route=\/wp\/v2\/posts"}],"about":[{"href":"https:\/\/omnimusica.org\/index.php?rest_route=\/wp\/v2\/types\/post"}],"author":[{"embeddable":true,"href":"https:\/\/omnimusica.org\/index.php?rest_route=\/wp\/v2\/users\/1"}],"replies":[{"embeddable":true,"href":"https:\/\/omnimusica.org\/index.php?rest_route=%2Fwp%2Fv2%2Fcomments&post=806"}],"version-history":[{"count":3,"href":"https:\/\/omnimusica.org\/index.php?rest_route=\/wp\/v2\/posts\/806\/revisions"}],"predecessor-version":[{"id":873,"href":"https:\/\/omnimusica.org\/index.php?rest_route=\/wp\/v2\/posts\/806\/revisions\/873"}],"wp:featuredmedia":[{"embeddable":true,"href":"https:\/\/omnimusica.org\/index.php?rest_route=\/wp\/v2\/media\/872"}],"wp:attachment":[{"href":"https:\/\/omnimusica.org\/index.php?rest_route=%2Fwp%2Fv2%2Fmedia&parent=806"}],"wp:term":[{"taxonomy":"category","embeddable":true,"href":"https:\/\/omnimusica.org\/index.php?rest_route=%2Fwp%2Fv2%2Fcategories&post=806"},{"taxonomy":"post_tag","embeddable":true,"href":"https:\/\/omnimusica.org\/index.php?rest_route=%2Fwp%2Fv2%2Ftags&post=806"}],"curies":[{"name":"wp","href":"https:\/\/api.w.org\/{rel}","templated":true}]}}